{"id":16729,"date":"2021-07-02T17:54:24","date_gmt":"2021-07-02T15:54:24","guid":{"rendered":"https:\/\/www.depotmaletools.com\/?p=16729"},"modified":"2021-07-02T17:54:25","modified_gmt":"2021-07-02T15:54:25","slug":"barba-curata-anche-sotto-la-mascherina","status":"publish","type":"post","link":"https:\/\/www.depotmaletools.com\/it\/barba-curata-anche-sotto-la-mascherina\/","title":{"rendered":"Barba curata anche sotto la mascherina"},"content":{"rendered":"\n<p class=\"has-medium-font-size\"><strong>Consigli su come detergere e idratare al meglio la barba per chi non rinuncia alla sicurezza ma nemmeno al look.<\/strong><\/p>\n\n\n\n<figure class=\"wp-block-image size-large is-resized\"><img loading=\"lazy\" decoding=\"async\" src=\"https:\/\/www.depotmaletools.com\/wp-content\/uploads\/2021\/07\/IMG_5298-683x1024.jpg\" alt=\"\" class=\"wp-image-16736\" width=\"512\" height=\"768\" srcset=\"https:\/\/www.depotmaletools.com\/wp-content\/uploads\/2021\/07\/IMG_5298-683x1024.jpg 683w, https:\/\/www.depotmaletools.com\/wp-content\/uploads\/2021\/07\/IMG_5298-200x300.jpg 200w, https:\/\/www.depotmaletools.com\/wp-content\/uploads\/2021\/07\/IMG_5298-768x1152.jpg 768w, https:\/\/www.depotmaletools.com\/wp-content\/uploads\/2021\/07\/IMG_5298-1024x1536.jpg 1024w, https:\/\/www.depotmaletools.com\/wp-content\/uploads\/2021\/07\/IMG_5298-1365x2048.jpg 1365w, https:\/\/www.depotmaletools.com\/wp-content\/uploads\/2021\/07\/IMG_5298-scaled.jpg 1707w\" sizes=\"auto, (max-width: 512px) 100vw, 512px\" \/><\/figure>\n\n\n\n<p>Siamo di fronte a una vera e propria convivenza forzata: la necessit\u00e0 di proteggerci dal COVID, ha obbligato la pelle del nostro viso, la barba e la mascherina a stare a stretto contatto.<\/p>\n\n\n\n<p>Due sono le criticit\u00e0 principali che vivono oggi gli uomini: la prima riguarda chi \u00e8 costretto a indossare la mascherina per lungo tempo, ritrovandosi facilmente esposto a fastidiose irritazioni, sfoghi e pruriti, perch\u00e9 la pelle diventa pi\u00f9 sensibile e la barba pi\u00f9 secca e ispida. Questo succede perch\u00e9 le mascherine, aumentando l&#8217;umidit\u00e0 nella zona del viso che coprono, creano le condizioni favorevoli all&#8217;accumulo di sebo e sudore, con la conseguenza di acutizzare problemi della pelle, come acne, rosacea e dermatite. Avrete forse letto da qualche parte il termine \u201cmaskne\u201d che si riferisce proprio all&#8217;infiammazione causata dal costante contatto con il presidio protettivo e che si manifesta attraverso macchie e arrossamenti intorno alla bocca, sulle guance e nelle aree della mascella.<\/p>\n\n\n\n<p>La seconda criticit\u00e0 riguarda gli uomini che, avendo una barba lunga, incontrano pi\u00f9 scomodit\u00e0 nell&#8217;indossare la mascherina. E in alcuni casi rischiano anche di non farla aderire adeguatamente al viso. Ecco che allora molti decidono di dare un&#8217;aggiustatina alla propria barba hipster o particolarmente folta, regolandone la lunghezza di modo tale da percepire un comfort maggiore quando indossano mascherina.<\/p>\n\n\n\n<p>Al di l\u00e0 del taglio, \u00e8 fondamentale conoscere e applicare gli accorgimenti giusti per creare un buon equilibrio fra benessere, stile e protezione.<\/p>\n\n\n\n<p><strong>Quando il gioco si fa duro serve pi\u00f9 cura<\/strong><\/p>\n\n\n\n<p>Come fare? Abbiamo un&#8217;unica scelta: prenderci pi\u00f9 cura della nostra pelle e della nostra barba. Lo dicono anche i trend di mercato che, nel corso del 2020 e anche nel primo trimestre del 2021, hanno fatto registrare un&#8217;impennata nella vendita dei prodotti skin care &amp; beard care come il balsamo barba.<\/p>\n\n\n\n<p>Indossando quotidianamente le mascherine, in particolare quelle riutilizzabili, lavare e igienizzare efficacemente la barba, mantenendola ben idratata, diventano gesti necessari pi\u00f9 che eccezionali.<\/p>\n\n\n\n<p><strong>Consigli per lavare la barba<\/strong> La detersione della barba \u00e8 un rito che possiamo svolgere tranquillamente a casa se la mensola del nostro bagno \u00e8 popolata dai giusti prodotti (leggi anche \u201cmai-pi\u00f9-senza\u201d).<\/p>\n\n\n\n<p>L&#8217;importante \u00e8 prediligere quelli a base di componenti delicati e rispettosi del ph della barba perch\u00e9 \u00e8 differente rispetto a quello della pelle e dei capelli.<\/p>\n\n\n\n<p><strong><a href=\"https:\/\/www.depotmaletools.com\/it\/prodotti\/no-501-moisturizingclarifying-beard-shampoo\/\">NO.501 MOISTURIZING&amp;CLARIFYING BEARD SHAMPOO DEPOT\u00ae The Male Tools &amp; Co<\/a><\/strong>. \u00e8 formulato con tensioattivi delicati e senza SLES che lo rendono perfetto per un utilizzo quotidiano. Purifica in profondit\u00e0 ma, nello stesso tempo, idrata i peli del viso, mantenendo la barba morbida al tatto. Il merito va ricercato nei suoi ingredienti: una miscela bilanciata di agenti lavanti innovativi che detergono in modo equilibrato, olio essenziale di menta per un effetto refresh, estratto di aloe vera per lenire in profondit\u00e0 e pro-vitamina B5 per rigenerare e condizionare cute e barba.<\/p>\n\n\n\n<p>Usarlo \u00e8 semplice ma soprattutto piacevole: basta applicarlo sulla barba umida, massaggiare e risciacquare accuratamente.<\/p>\n\n\n\n<p>E quando siete fuori casa? No problem! <strong><a href=\"https:\/\/www.depotmaletools.com\/it\/prodotti\/no-504-beardmoustache-cleansing-wipes\/\">NO.504 BEARD&amp;MOUSTACHE CLEANSING WIPES DEPOT\u00ae The Male Tools &amp; Co.<\/a><\/strong> sono comode salviette monouso da tenere in macchina, in ufficio, in valigia o anche in tasca per igienizzare in profondit\u00e0 barba e baffi, lasciando i peli del viso e la pelle morbidi, freschi e profumati. Un gesto di cura da ritagliarci per aumentare la protezione da batteri e droplets, ma anche prima di un appuntamento con una persona che ci sta particolarmente a cuore.<\/p>\n\n\n\n<p><strong>Consigli per idratare la barba<\/strong><\/p>\n\n\n\n<p>Moltissime persone pensano che utilizzando uno shampoo barba idratante possono anche concludere cos\u00ec la beauty routine della loro barba. Sorry ma non \u00e8 sufficiente. Dopo la detersione \u00e8 fondamentale occuparsi dell\u2019idratazione per rendere il pelo meno crespo, pungente o ispido. <strong><a href=\"https:\/\/www.depotmaletools.com\/it\/prodotti\/no-502-beardmoustache-butter\/\">NO.502 BEARD&amp;MOUSTACHE BUTTER DEPOT\u00ae The Male Tools &amp; Co.<\/a><\/strong> nutre ed ammorbidisce barba e baffi in un solo gesto. Basta prelevare una piccola quantit\u00e0 di prodotto, scaldarla fra le mani e massaggiare barba e baffi in ogni direzione. \u00c8 un concentrato di principi attivi naturali che nutrono, ammorbidiscono e proteggono, esercitando anche un effetto condizionante e antiossidante.<\/p>\n\n\n\n<p><strong>La barba sta all&#8217;uomo come i capelli stanno alla donna<\/strong><\/p>\n\n\n\n<p>\u00c8 una verit\u00e0 in cui crediamo molto, perch\u00e9 barba e capelli sono elementi distintivi del nostro aspetto, sono pezzi del puzzle del nostro stile che raccontano chi siamo o chi vogliamo diventare. La barba \u00e8 bella da vedere, ringiovanisce il viso e rende l&#8217;uomo pi\u00f9 interessante, ai suoi occhi e a quelli delle donne. Tenerla pulita e in ordine \u00e8 indispensabile ma, ai tempi della pandemia, serve fare di pi\u00f9: curarla con attenzione grazie a rituali piacevoli e completi. Questione di bellezza? Certo ma anche di grande pazienza. Ci servir\u00e0 come allenamento, perch\u00e9 nella vita una buona dose di pazienza aiuta sempre ad andare pi\u00f9 lontano.<\/p>\n","protected":false},"excerpt":{"rendered":"<p>Consigli su come detergere e idratare al meglio la barba per chi non rinuncia alla sicurezza ma nemmeno al look. Siamo di fronte a una vera e propria convivenza forzata: la necessit\u00e0 di proteggerci dal COVID, ha obbligato la pelle del nostro viso, la barba e la mascherina a stare a stretto contatto. Due sono [&hellip;]<\/p>\n","protected":false},"author":30,"featured_media":16756,"comment_status":"open","ping_status":"open","sticky":false,"template":"","format":"standard","meta":{"_acf_changed":false,"footnotes":""},"categories":[1],"tags":[],"class_list":["post-16729","post","type-post","status-publish","format-standard","has-post-thumbnail","hentry","category-depot-tips"],"acf":[],"yoast_head":"<!-- This site is optimized with the Yoast SEO plugin v27.3 - https:\/\/yoast.com\/product\/yoast-seo-wordpress\/ -->\n<title>Barba curata anche sotto la mascherina - DEPOT - THE MALE TOOLS &amp; Co.<\/title>\n<meta name=\"description\" content=\"Barba curata anche sotto la mascherina - Consigli su come detergere e idratare al meglio la barba per chi non rinuncia alla sicurezza ma nemmeno al look. Siamo di fronte a una vera e propria\" \/>\n<meta name=\"robots\" content=\"index, follow, max-snippet:-1, max-image-preview:large, max-video-preview:-1\" \/>\n<link rel=\"canonical\" href=\"https:\/\/www.depotmaletools.com\/it\/barba-curata-anche-sotto-la-mascherina\/\" \/>\n<meta property=\"og:locale\" content=\"it_IT\" \/>\n<meta property=\"og:type\" content=\"article\" \/>\n<meta property=\"og:title\" content=\"Barba curata anche sotto la mascherina - DEPOT - THE MALE TOOLS &amp; Co.\" \/>\n<meta property=\"og:description\" content=\"Barba curata anche sotto la mascherina - Consigli su come detergere e idratare al meglio la barba per chi non rinuncia alla sicurezza ma nemmeno al look. Siamo di fronte a una vera e propria\" \/>\n<meta property=\"og:url\" content=\"https:\/\/www.depotmaletools.com\/it\/barba-curata-anche-sotto-la-mascherina\/\" \/>\n<meta property=\"og:site_name\" content=\"DEPOT - THE MALE TOOLS &amp; Co.\" \/>\n<meta property=\"article:publisher\" content=\"https:\/\/www.facebook.com\/depotmaletools\/\" \/>\n<meta property=\"article:published_time\" content=\"2021-07-02T15:54:24+00:00\" \/>\n<meta property=\"article:modified_time\" content=\"2021-07-02T15:54:25+00:00\" \/>\n<meta property=\"og:image\" content=\"https:\/\/www.depotmaletools.com\/wp-content\/uploads\/2021\/07\/DEPOT_FEED_self-shaving21.jpg\" \/>\n\t<meta property=\"og:image:width\" content=\"1200\" \/>\n\t<meta property=\"og:image:height\" content=\"620\" \/>\n\t<meta property=\"og:image:type\" content=\"image\/jpeg\" \/>\n<meta name=\"author\" content=\"ylenia.galluzzo\" \/>\n<meta name=\"twitter:card\" content=\"summary_large_image\" \/>\n<meta name=\"twitter:label1\" content=\"Scritto da\" \/>\n\t<meta name=\"twitter:data1\" content=\"ylenia.galluzzo\" \/>\n\t<meta name=\"twitter:label2\" content=\"Tempo di lettura stimato\" \/>\n\t<meta name=\"twitter:data2\" content=\"4 minuti\" \/>\n<script type=\"application\/ld+json\" class=\"yoast-schema-graph\">{\"@context\":\"https:\\\/\\\/schema.org\",\"@graph\":[{\"@type\":\"Article\",\"@id\":\"https:\\\/\\\/www.depotmaletools.com\\\/it\\\/barba-curata-anche-sotto-la-mascherina\\\/#article\",\"isPartOf\":{\"@id\":\"https:\\\/\\\/www.depotmaletools.com\\\/it\\\/barba-curata-anche-sotto-la-mascherina\\\/\"},\"author\":{\"name\":\"ylenia.galluzzo\",\"@id\":\"https:\\\/\\\/www.depotmaletools.com\\\/it\\\/#\\\/schema\\\/person\\\/825161cec414e671222c78de260285ba\"},\"headline\":\"Barba curata anche sotto la mascherina\",\"datePublished\":\"2021-07-02T15:54:24+00:00\",\"dateModified\":\"2021-07-02T15:54:25+00:00\",\"mainEntityOfPage\":{\"@id\":\"https:\\\/\\\/www.depotmaletools.com\\\/it\\\/barba-curata-anche-sotto-la-mascherina\\\/\"},\"wordCount\":807,\"commentCount\":0,\"publisher\":{\"@id\":\"https:\\\/\\\/www.depotmaletools.com\\\/it\\\/#organization\"},\"image\":{\"@id\":\"https:\\\/\\\/www.depotmaletools.com\\\/it\\\/barba-curata-anche-sotto-la-mascherina\\\/#primaryimage\"},\"thumbnailUrl\":\"https:\\\/\\\/www.depotmaletools.com\\\/wp-content\\\/uploads\\\/2021\\\/07\\\/DEPOT_FEED_self-shaving21.jpg\",\"articleSection\":[\"Depot Tips\"],\"inLanguage\":\"it-IT\",\"potentialAction\":[{\"@type\":\"CommentAction\",\"name\":\"Comment\",\"target\":[\"https:\\\/\\\/www.depotmaletools.com\\\/it\\\/barba-curata-anche-sotto-la-mascherina\\\/#respond\"]}]},{\"@type\":\"WebPage\",\"@id\":\"https:\\\/\\\/www.depotmaletools.com\\\/it\\\/barba-curata-anche-sotto-la-mascherina\\\/\",\"url\":\"https:\\\/\\\/www.depotmaletools.com\\\/it\\\/barba-curata-anche-sotto-la-mascherina\\\/\",\"name\":\"Barba curata anche sotto la mascherina - DEPOT - THE MALE TOOLS &amp; Co.\",\"isPartOf\":{\"@id\":\"https:\\\/\\\/www.depotmaletools.com\\\/it\\\/#website\"},\"primaryImageOfPage\":{\"@id\":\"https:\\\/\\\/www.depotmaletools.com\\\/it\\\/barba-curata-anche-sotto-la-mascherina\\\/#primaryimage\"},\"image\":{\"@id\":\"https:\\\/\\\/www.depotmaletools.com\\\/it\\\/barba-curata-anche-sotto-la-mascherina\\\/#primaryimage\"},\"thumbnailUrl\":\"https:\\\/\\\/www.depotmaletools.com\\\/wp-content\\\/uploads\\\/2021\\\/07\\\/DEPOT_FEED_self-shaving21.jpg\",\"datePublished\":\"2021-07-02T15:54:24+00:00\",\"dateModified\":\"2021-07-02T15:54:25+00:00\",\"description\":\"Barba curata anche sotto la mascherina - Consigli su come detergere e idratare al meglio la barba per chi non rinuncia alla sicurezza ma nemmeno al look. Siamo di fronte a una vera e propria\",\"breadcrumb\":{\"@id\":\"https:\\\/\\\/www.depotmaletools.com\\\/it\\\/barba-curata-anche-sotto-la-mascherina\\\/#breadcrumb\"},\"inLanguage\":\"it-IT\",\"potentialAction\":[{\"@type\":\"ReadAction\",\"target\":[\"https:\\\/\\\/www.depotmaletools.com\\\/it\\\/barba-curata-anche-sotto-la-mascherina\\\/\"]}]},{\"@type\":\"ImageObject\",\"inLanguage\":\"it-IT\",\"@id\":\"https:\\\/\\\/www.depotmaletools.com\\\/it\\\/barba-curata-anche-sotto-la-mascherina\\\/#primaryimage\",\"url\":\"https:\\\/\\\/www.depotmaletools.com\\\/wp-content\\\/uploads\\\/2021\\\/07\\\/DEPOT_FEED_self-shaving21.jpg\",\"contentUrl\":\"https:\\\/\\\/www.depotmaletools.com\\\/wp-content\\\/uploads\\\/2021\\\/07\\\/DEPOT_FEED_self-shaving21.jpg\",\"width\":1200,\"height\":620},{\"@type\":\"BreadcrumbList\",\"@id\":\"https:\\\/\\\/www.depotmaletools.com\\\/it\\\/barba-curata-anche-sotto-la-mascherina\\\/#breadcrumb\",\"itemListElement\":[{\"@type\":\"ListItem\",\"position\":1,\"name\":\"Home\",\"item\":\"https:\\\/\\\/www.depotmaletools.com\\\/it\\\/\"},{\"@type\":\"ListItem\",\"position\":2,\"name\":\"Barba curata anche sotto la mascherina\"}]},{\"@type\":\"WebSite\",\"@id\":\"https:\\\/\\\/www.depotmaletools.com\\\/it\\\/#website\",\"url\":\"https:\\\/\\\/www.depotmaletools.com\\\/it\\\/\",\"name\":\"DEPOT - THE MALE TOOLS &amp; Co.\",\"description\":\"DEPOT - THE MALE TOOLS &amp; Co.\",\"publisher\":{\"@id\":\"https:\\\/\\\/www.depotmaletools.com\\\/it\\\/#organization\"},\"potentialAction\":[{\"@type\":\"SearchAction\",\"target\":{\"@type\":\"EntryPoint\",\"urlTemplate\":\"https:\\\/\\\/www.depotmaletools.com\\\/it\\\/?s={search_term_string}\"},\"query-input\":{\"@type\":\"PropertyValueSpecification\",\"valueRequired\":true,\"valueName\":\"search_term_string\"}}],\"inLanguage\":\"it-IT\"},{\"@type\":\"Organization\",\"@id\":\"https:\\\/\\\/www.depotmaletools.com\\\/it\\\/#organization\",\"name\":\"DEPOT\u00ae\ufe0f The Male tools & Co.\",\"url\":\"https:\\\/\\\/www.depotmaletools.com\\\/it\\\/\",\"logo\":{\"@type\":\"ImageObject\",\"inLanguage\":\"it-IT\",\"@id\":\"https:\\\/\\\/www.depotmaletools.com\\\/it\\\/#\\\/schema\\\/logo\\\/image\\\/\",\"url\":\"https:\\\/\\\/www.depotmaletools.com\\\/wp-content\\\/uploads\\\/2020\\\/06\\\/depot-male-tools.svg\",\"contentUrl\":\"https:\\\/\\\/www.depotmaletools.com\\\/wp-content\\\/uploads\\\/2020\\\/06\\\/depot-male-tools.svg\",\"width\":100,\"height\":100,\"caption\":\"DEPOT\u00ae\ufe0f The Male tools & Co.\"},\"image\":{\"@id\":\"https:\\\/\\\/www.depotmaletools.com\\\/it\\\/#\\\/schema\\\/logo\\\/image\\\/\"},\"sameAs\":[\"https:\\\/\\\/www.facebook.com\\\/depotmaletools\\\/\",\"https:\\\/\\\/www.instagram.com\\\/depot_maletools\\\/\",\"https:\\\/\\\/www.youtube.com\\\/channel\\\/UCXX7nakWdnNCyS33tYqFFhg\"]},{\"@type\":\"Person\",\"@id\":\"https:\\\/\\\/www.depotmaletools.com\\\/it\\\/#\\\/schema\\\/person\\\/825161cec414e671222c78de260285ba\",\"name\":\"ylenia.galluzzo\",\"image\":{\"@type\":\"ImageObject\",\"inLanguage\":\"it-IT\",\"@id\":\"https:\\\/\\\/secure.gravatar.com\\\/avatar\\\/eebbc8a2b69f18c8f383e96249555e96522abbd0ea173caccf3f18e93f80ff9e?s=96&d=mm&r=g\",\"url\":\"https:\\\/\\\/secure.gravatar.com\\\/avatar\\\/eebbc8a2b69f18c8f383e96249555e96522abbd0ea173caccf3f18e93f80ff9e?s=96&d=mm&r=g\",\"contentUrl\":\"https:\\\/\\\/secure.gravatar.com\\\/avatar\\\/eebbc8a2b69f18c8f383e96249555e96522abbd0ea173caccf3f18e93f80ff9e?s=96&d=mm&r=g\",\"caption\":\"ylenia.galluzzo\"},\"sameAs\":[\"alessandro.cavaleri@z-oneconcept.com\"]}]}<\/script>\n<!-- \/ Yoast SEO plugin. -->","yoast_head_json":{"title":"Barba curata anche sotto la mascherina - DEPOT - THE MALE TOOLS &amp; Co.","description":"Barba curata anche sotto la mascherina - Consigli su come detergere e idratare al meglio la barba per chi non rinuncia alla sicurezza ma nemmeno al look. Siamo di fronte a una vera e propria","robots":{"index":"index","follow":"follow","max-snippet":"max-snippet:-1","max-image-preview":"max-image-preview:large","max-video-preview":"max-video-preview:-1"},"canonical":"https:\/\/www.depotmaletools.com\/it\/barba-curata-anche-sotto-la-mascherina\/","og_locale":"it_IT","og_type":"article","og_title":"Barba curata anche sotto la mascherina - DEPOT - THE MALE TOOLS &amp; Co.","og_description":"Barba curata anche sotto la mascherina - Consigli su come detergere e idratare al meglio la barba per chi non rinuncia alla sicurezza ma nemmeno al look. Siamo di fronte a una vera e propria","og_url":"https:\/\/www.depotmaletools.com\/it\/barba-curata-anche-sotto-la-mascherina\/","og_site_name":"DEPOT - THE MALE TOOLS &amp; Co.","article_publisher":"https:\/\/www.facebook.com\/depotmaletools\/","article_published_time":"2021-07-02T15:54:24+00:00","article_modified_time":"2021-07-02T15:54:25+00:00","og_image":[{"width":1200,"height":620,"url":"https:\/\/www.depotmaletools.com\/wp-content\/uploads\/2021\/07\/DEPOT_FEED_self-shaving21.jpg","type":"image\/jpeg"}],"author":"ylenia.galluzzo","twitter_card":"summary_large_image","twitter_misc":{"Scritto da":"ylenia.galluzzo","Tempo di lettura stimato":"4 minuti"},"schema":{"@context":"https:\/\/schema.org","@graph":[{"@type":"Article","@id":"https:\/\/www.depotmaletools.com\/it\/barba-curata-anche-sotto-la-mascherina\/#article","isPartOf":{"@id":"https:\/\/www.depotmaletools.com\/it\/barba-curata-anche-sotto-la-mascherina\/"},"author":{"name":"ylenia.galluzzo","@id":"https:\/\/www.depotmaletools.com\/it\/#\/schema\/person\/825161cec414e671222c78de260285ba"},"headline":"Barba curata anche sotto la mascherina","datePublished":"2021-07-02T15:54:24+00:00","dateModified":"2021-07-02T15:54:25+00:00","mainEntityOfPage":{"@id":"https:\/\/www.depotmaletools.com\/it\/barba-curata-anche-sotto-la-mascherina\/"},"wordCount":807,"commentCount":0,"publisher":{"@id":"https:\/\/www.depotmaletools.com\/it\/#organization"},"image":{"@id":"https:\/\/www.depotmaletools.com\/it\/barba-curata-anche-sotto-la-mascherina\/#primaryimage"},"thumbnailUrl":"https:\/\/www.depotmaletools.com\/wp-content\/uploads\/2021\/07\/DEPOT_FEED_self-shaving21.jpg","articleSection":["Depot Tips"],"inLanguage":"it-IT","potentialAction":[{"@type":"CommentAction","name":"Comment","target":["https:\/\/www.depotmaletools.com\/it\/barba-curata-anche-sotto-la-mascherina\/#respond"]}]},{"@type":"WebPage","@id":"https:\/\/www.depotmaletools.com\/it\/barba-curata-anche-sotto-la-mascherina\/","url":"https:\/\/www.depotmaletools.com\/it\/barba-curata-anche-sotto-la-mascherina\/","name":"Barba curata anche sotto la mascherina - DEPOT - THE MALE TOOLS &amp; Co.","isPartOf":{"@id":"https:\/\/www.depotmaletools.com\/it\/#website"},"primaryImageOfPage":{"@id":"https:\/\/www.depotmaletools.com\/it\/barba-curata-anche-sotto-la-mascherina\/#primaryimage"},"image":{"@id":"https:\/\/www.depotmaletools.com\/it\/barba-curata-anche-sotto-la-mascherina\/#primaryimage"},"thumbnailUrl":"https:\/\/www.depotmaletools.com\/wp-content\/uploads\/2021\/07\/DEPOT_FEED_self-shaving21.jpg","datePublished":"2021-07-02T15:54:24+00:00","dateModified":"2021-07-02T15:54:25+00:00","description":"Barba curata anche sotto la mascherina - Consigli su come detergere e idratare al meglio la barba per chi non rinuncia alla sicurezza ma nemmeno al look. Siamo di fronte a una vera e propria","breadcrumb":{"@id":"https:\/\/www.depotmaletools.com\/it\/barba-curata-anche-sotto-la-mascherina\/#breadcrumb"},"inLanguage":"it-IT","potentialAction":[{"@type":"ReadAction","target":["https:\/\/www.depotmaletools.com\/it\/barba-curata-anche-sotto-la-mascherina\/"]}]},{"@type":"ImageObject","inLanguage":"it-IT","@id":"https:\/\/www.depotmaletools.com\/it\/barba-curata-anche-sotto-la-mascherina\/#primaryimage","url":"https:\/\/www.depotmaletools.com\/wp-content\/uploads\/2021\/07\/DEPOT_FEED_self-shaving21.jpg","contentUrl":"https:\/\/www.depotmaletools.com\/wp-content\/uploads\/2021\/07\/DEPOT_FEED_self-shaving21.jpg","width":1200,"height":620},{"@type":"BreadcrumbList","@id":"https:\/\/www.depotmaletools.com\/it\/barba-curata-anche-sotto-la-mascherina\/#breadcrumb","itemListElement":[{"@type":"ListItem","position":1,"name":"Home","item":"https:\/\/www.depotmaletools.com\/it\/"},{"@type":"ListItem","position":2,"name":"Barba curata anche sotto la mascherina"}]},{"@type":"WebSite","@id":"https:\/\/www.depotmaletools.com\/it\/#website","url":"https:\/\/www.depotmaletools.com\/it\/","name":"DEPOT - THE MALE TOOLS &amp; Co.","description":"DEPOT - THE MALE TOOLS &amp; Co.","publisher":{"@id":"https:\/\/www.depotmaletools.com\/it\/#organization"},"potentialAction":[{"@type":"SearchAction","target":{"@type":"EntryPoint","urlTemplate":"https:\/\/www.depotmaletools.com\/it\/?s={search_term_string}"},"query-input":{"@type":"PropertyValueSpecification","valueRequired":true,"valueName":"search_term_string"}}],"inLanguage":"it-IT"},{"@type":"Organization","@id":"https:\/\/www.depotmaletools.com\/it\/#organization","name":"DEPOT\u00ae\ufe0f The Male tools & Co.","url":"https:\/\/www.depotmaletools.com\/it\/","logo":{"@type":"ImageObject","inLanguage":"it-IT","@id":"https:\/\/www.depotmaletools.com\/it\/#\/schema\/logo\/image\/","url":"https:\/\/www.depotmaletools.com\/wp-content\/uploads\/2020\/06\/depot-male-tools.svg","contentUrl":"https:\/\/www.depotmaletools.com\/wp-content\/uploads\/2020\/06\/depot-male-tools.svg","width":100,"height":100,"caption":"DEPOT\u00ae\ufe0f The Male tools & Co."},"image":{"@id":"https:\/\/www.depotmaletools.com\/it\/#\/schema\/logo\/image\/"},"sameAs":["https:\/\/www.facebook.com\/depotmaletools\/","https:\/\/www.instagram.com\/depot_maletools\/","https:\/\/www.youtube.com\/channel\/UCXX7nakWdnNCyS33tYqFFhg"]},{"@type":"Person","@id":"https:\/\/www.depotmaletools.com\/it\/#\/schema\/person\/825161cec414e671222c78de260285ba","name":"ylenia.galluzzo","image":{"@type":"ImageObject","inLanguage":"it-IT","@id":"https:\/\/secure.gravatar.com\/avatar\/eebbc8a2b69f18c8f383e96249555e96522abbd0ea173caccf3f18e93f80ff9e?s=96&d=mm&r=g","url":"https:\/\/secure.gravatar.com\/avatar\/eebbc8a2b69f18c8f383e96249555e96522abbd0ea173caccf3f18e93f80ff9e?s=96&d=mm&r=g","contentUrl":"https:\/\/secure.gravatar.com\/avatar\/eebbc8a2b69f18c8f383e96249555e96522abbd0ea173caccf3f18e93f80ff9e?s=96&d=mm&r=g","caption":"ylenia.galluzzo"},"sameAs":["alessandro.cavaleri@z-oneconcept.com"]}]}},"_links":{"self":[{"href":"https:\/\/www.depotmaletools.com\/it\/wp-json\/wp\/v2\/posts\/16729","targetHints":{"allow":["GET"]}}],"collection":[{"href":"https:\/\/www.depotmaletools.com\/it\/wp-json\/wp\/v2\/posts"}],"about":[{"href":"https:\/\/www.depotmaletools.com\/it\/wp-json\/wp\/v2\/types\/post"}],"author":[{"embeddable":true,"href":"https:\/\/www.depotmaletools.com\/it\/wp-json\/wp\/v2\/users\/30"}],"replies":[{"embeddable":true,"href":"https:\/\/www.depotmaletools.com\/it\/wp-json\/wp\/v2\/comments?post=16729"}],"version-history":[{"count":6,"href":"https:\/\/www.depotmaletools.com\/it\/wp-json\/wp\/v2\/posts\/16729\/revisions"}],"predecessor-version":[{"id":16766,"href":"https:\/\/www.depotmaletools.com\/it\/wp-json\/wp\/v2\/posts\/16729\/revisions\/16766"}],"wp:featuredmedia":[{"embeddable":true,"href":"https:\/\/www.depotmaletools.com\/it\/wp-json\/wp\/v2\/media\/16756"}],"wp:attachment":[{"href":"https:\/\/www.depotmaletools.com\/it\/wp-json\/wp\/v2\/media?parent=16729"}],"wp:term":[{"taxonomy":"category","embeddable":true,"href":"https:\/\/www.depotmaletools.com\/it\/wp-json\/wp\/v2\/categories?post=16729"},{"taxonomy":"post_tag","embeddable":true,"href":"https:\/\/www.depotmaletools.com\/it\/wp-json\/wp\/v2\/tags?post=16729"}],"curies":[{"name":"wp","href":"https:\/\/api.w.org\/{rel}","templated":true}]}}